
{"id":162439,"date":"2026-08-31T11:21:12","date_gmt":"2026-08-31T09:21:12","guid":{"rendered":"https:\/\/ms-contentfactory.srv.vocento.in\/contentfactorylocal\/?p=162439"},"modified":"2026-08-31T11:36:07","modified_gmt":"2026-08-31T09:36:07","slug":"mg-summer-experience-llega-a-granada-prueba-la-gama-electrificada-de-mg-en-granaita","status":"publish","type":"post","link":"\/content-local\/mg-summer-experience-llega-a-granada-prueba-la-gama-electrificada-de-mg-en-granaita\/","title":{"rendered":"MG Summer Experience llega a Granada: prueba la gama electrificada de MG en Granaita"},"content":{"rendered":"<p>[vc_column][\/vc_column][vc_row el_class=\u00bbcol-1-1 tablet-col-1-1&#8243;][vc_column el_class=\u00bbcol-1-1 tablet-col-1-1&#8243;]\n        <div class='fullimg principal'>\n            <div class='tituloemergente'>\n                <div class='grid grid-pad'>\n                    <a class='open-btn close-nav quees' href=''>\n                        <span class='p-content'>Kimber Motor MG<\/span>\n                    <\/a>\n                    <h1><strong>MG Summer Experience llega a Granada: prueba la gama electrificada de MG en Granaita<\/strong><p>El roadshow de MG har\u00e1 parada el pr\u00f3ximo 10 de septiembre en el Parque Comercial Granaita, donde los granadinos podr\u00e1n ponerse al volante de diferentes modelos electrificados y disfrutar de una jornada con zona Gaming, espacio chillout y regalos para los asistentes<\/p><\/h1>\n                <\/div>\n            <\/div>\n        <figure class='videoPrincipal'><img src='\/content-local\/wp-content\/uploads\/sites\/10\/2026\/08\/mg-roadshow-cab.jpg'><\/figure><\/div>[\/vc_column][\/vc_row][vc_row centrar=\u00bbtrue\u00bb el_class=\u00bbgrid grid-pad\u00bb][vc_column el_class=\u00bbcol-1-1 tablet-col-1-1&#8243;]<div class='firmaRRSS '>\n       <div class='info'><address class='firmaAutor' data-autor='R. C.'> R. C.<\/address><time class='publicacion'>\n         31 agosto, 2026 - 11:21<\/time><\/div>\n           <div class='compartir'><p>Compartir<\/p><ul>\n                <li class='facebook'>\n                            <a href='https:\/\/www.facebook.com\/sharer\/sharer.php?u=https:\/\/ideal.es\/content-local\/mg-summer-experience-llega-a-granada-prueba-la-gama-electrificada-de-mg-en-granaita\/' class='bcl-compartir-fb' data-voc-vtm-id='compartirrrss' data-voc-vtm-info='facebook' target='_blank' title='Compartelo en Facebook' rel='nofollow'>\n                        <i class='facebook'><\/i>\n                    <\/a>\n                <\/li><li class='twitter'>\n                    <a href='https:\/\/twitter.com\/intent\/tweet?text=https:\/\/ideal.es\/content-local\/mg-summer-experience-llega-a-granada-prueba-la-gama-electrificada-de-mg-en-granaita\/' class='bcl-compartir-tw twitter' data-voc-vtm-id='compartirrrss' data-voc-vtm-info='twitter' target='_blank' title='Compartelo en Twitter' rel='nofollow'>\n                        <i class='twitter'><\/i>\n                    <\/a>\n                <\/li><li class='whatsapp'>\n                    <a href='whatsapp:\/\/send?text=https:\/\/ideal.es\/content-local\/mg-summer-experience-llega-a-granada-prueba-la-gama-electrificada-de-mg-en-granaita\/' data-voc-vtm-id='compartirrrss' data-voc-vtm-info='whatsapp' class='whatsapp' target='_blank' title='Compartelo en whatsapp' rel='nofollow'>\n                        <i class='whatsapp'><\/i>\n                    <\/a>\n                <\/li>\n    \n    <\/ul><\/div><\/div>[\/vc_column][\/vc_row][vc_row centrar=\u00bbtrue\u00bb el_class=\u00bbgrid grid-pad\u00bb][vc_column el_class=\u00bbcol-10-12 tablet-col-1-1&#8243;]<p class=\"parrafocount\">MG acerca este verano sus coches a los conductores con <strong>MG Summer Experience 2026<\/strong>, una gira que recorre Espa\u00f1a y Portugal y que tendr\u00e1 una de sus paradas en <strong>Granada el pr\u00f3ximo 10 de septiembre<\/strong>. La cita tendr\u00e1 lugar en el <strong>Parque Comercial Granaita<\/strong>, donde los asistentes podr\u00e1n conocer de cerca diferentes propuestas de la marca y solicitar una prueba de conducci\u00f3n.<\/p><p class='parrafocount'><p class='parrafocount'>La iniciativa recorrer\u00e1 33 ciudades espa\u00f1olas y portuguesas hasta el 5 de octubre y nace con un planteamiento eminentemente pr\u00e1ctico: permitir que los conductores puedan experimentar por s\u00ed mismos las distintas alternativas de electrificaci\u00f3n disponibles en la gama MG. La parada de Granada llegar\u00e1 despu\u00e9s de las previstas en C\u00f3rdoba, el 6 de septiembre, y Ja\u00e9n, el d\u00eda 8, antes de que el tour contin\u00fae hacia M\u00e1laga los d\u00edas 12 y 13.<\/p>[vc_single_image image=\u00bb162443&#8243; img_size=\u00bbfull\u00bb alignment=\u00bbcenter\u00bb]<p class=\"parrafocount\"><\/p><p class='parrafocount'><h2>Del h\u00edbrido al el\u00e9ctrico: una oportunidad para probar antes de elegir<\/h2><p class='parrafocount'><p class='parrafocount'>Uno de los principales atractivos de MG Summer Experience es precisamente la posibilidad de pasar de la teor\u00eda a la carretera. La iniciativa invita a los participantes a <strong>conducir los modelos de MG, descubrir su tecnolog\u00eda y resolver sus dudas con el equipo de la marca<\/strong>.<\/p><p class='parrafocount'><p class='parrafocount'>Entre los veh\u00edculos anunciados para la gira se encuentran modelos como el <strong>MG4<\/strong>, el <strong>MG ZS Hybrid+<\/strong> y el <strong>MG HS PHEV<\/strong>, tres propuestas que permiten acercarse a diferentes f\u00f3rmulas de electrificaci\u00f3n. El ZS Hybrid+ apuesta por la tecnolog\u00eda h\u00edbrida, mientras que el HS PHEV representa la alternativa h\u00edbrida enchufable; el MG4, por su parte, permite experimentar la conducci\u00f3n de un veh\u00edculo el\u00e9ctrico.<\/p><p class='parrafocount'><p class='parrafocount'>De este modo, la cita de Granaita puede resultar especialmente interesante para quienes est\u00e9n valorando cambiar de coche y quieran conocer las diferencias entre estas tecnolog\u00edas desde el asiento del conductor, en lugar de limitarse a comparar caracter\u00edsticas sobre el papel.<\/p><p class='parrafocount'><h2>Gaming, zona chillout y regalos: mucho m\u00e1s que probar un MG<\/h2><p class='parrafocount'><p class='parrafocount'>El MG Summer Experience est\u00e1 planteado tambi\u00e9n como una jornada de ocio alrededor del autom\u00f3vil. La parada granadina contar\u00e1 con una <strong>zona Gaming<\/strong>, donde los asistentes podr\u00e1n disfrutar de una vertiente m\u00e1s l\u00fadica de la experiencia, as\u00ed como una <strong>zona chillout<\/strong> pensada para relajarse durante la jornada.<br \/><p class='parrafocount'>Adem\u00e1s, <strong>habr\u00e1 regalos para los asistentes<\/strong>, completando una propuesta que busca convertir la visita en una experiencia m\u00e1s all\u00e1 de la propia prueba de conducci\u00f3n.<\/p><p class='parrafocount'><p class='parrafocount'>La experiencia incluye asimismo la posibilidad de acercarse a las tecnolog\u00edas de MG y resolver dudas sobre las diferentes opciones de electrificaci\u00f3n. Seg\u00fan la<br \/><p class='parrafocount'>informaci\u00f3n publicada sobre el tour, entre las soluciones que se mostrar\u00e1n se encuentra la tecnolog\u00eda <strong>Vehicle-to-Load (V2L)<\/strong>, que permite utilizar la energ\u00eda<br \/><p class='parrafocount'>almacenada en la bater\u00eda de un veh\u00edculo el\u00e9ctrico para alimentar dispositivos externos.<\/p>[vc_single_image image=\u00bb162445&#8243; img_size=\u00bbfull\u00bb alignment=\u00bbcenter\u00bb][\/vc_column][\/vc_row][vc_row centrar=\u00bbtrue\u00bb el_class=\u00bbgrid grid-pad\u00bb][vc_column el_class=\u00bbcol-10-12 tablet-col-1-1&#8243;][vc_row_inner][vc_column_inner el_class=\u00bbdestacado\u00bb]<p class=\"parrafocount\"><\/p><p class='parrafocount'><h2>Granada, pr\u00f3xima parada del MG Summer Experience<\/h2><p class='parrafocount'><p class='parrafocount'>La llegada del roadshow supone una oportunidad para que los conductores de Granada y su \u00e1rea metropolitana tengan un contacto directo con la gama MG en un entorno cercano y, al mismo tiempo, disfruten de una jornada diferente en Granaita.<\/p><p class='parrafocount'><p class='parrafocount'><strong>Kimber Motor, concesionario MG en Granada perteneciente a Avanti Motors<\/strong>, invita a los interesados a aprovechar la parada del <strong>MG Summer Experience el 10 de septiembre en el Parque Comercial Granaita<\/strong>.<\/p><p class='parrafocount'><p class='parrafocount'>La participaci\u00f3n requiere registro previo y permite solicitar una prueba de conducci\u00f3n. Los interesados pueden consultar la informaci\u00f3n de la experiencia e inscribirse en la <strong>web oficial de MG Summer Experience, Drive Your Summer<\/strong>.<\/p><p class='parrafocount'><p class='parrafocount'><strong>Si quieres probar la gama electrificada de MG y disfrutar de la zona Gaming, el espacio chillout y los regalos preparados para los asistentes, <a href=\"https:\/\/driveyoursummer.com\/\" target=\"_blank\" rel=\"noopener sponsored\">inscr\u00edbete en Drive Your Summer pinchando aqu\u00ed y ac\u00e9rcate el 10 de septiembre a Granaita<\/a>. Tambi\u00e9n puedes visitar Kimber Motor en Granada para descubrir la gama MG y recibir asesoramiento personalizado<\/strong>.<\/p>[\/vc_column_inner][\/vc_row_inner][\/vc_column][\/vc_row][vc_row centrar=\u00bbtrue\u00bb el_class=\u00bbgrid grid-pad\u00bb][vc_column el_class=\u00bbcol-1-1 tablet-col-1-1&#8243;]\n        <div class='bloque'>\n         <div class='compartir'><p>Compartir<\/p><ul>\n                <li class='facebook'>\n                            <a href='https:\/\/www.facebook.com\/sharer\/sharer.php?u=https:\/\/ideal.es\/content-local\/mg-summer-experience-llega-a-granada-prueba-la-gama-electrificada-de-mg-en-granaita\/' class='bcl-compartir-fb' target='_blank' title='Compartelo en Facebook' rel='nofollow'>\n                        <i class='facebook'><\/i>\n                    <\/a>\n                <\/li><li class='twitter'>\n                    <a href='https:\/\/twitter.com\/intent\/tweet?text=https:\/\/ideal.es\/content-local\/mg-summer-experience-llega-a-granada-prueba-la-gama-electrificada-de-mg-en-granaita\/' class='bcl-compartir-tw twitter' target='_blank' title='Compartelo en Twitter' rel='nofollow'>\n                        <i class='twitter'><\/i>\n                    <\/a>\n                <\/li><li class='whatsapp'>\n                    <a href='whatsapp:\/\/send?text=https:\/\/ideal.es\/content-local\/mg-summer-experience-llega-a-granada-prueba-la-gama-electrificada-de-mg-en-granaita\/' class='whatsapp' target='_blank' title='Compartelo en whatsapp' rel='nofollow'>\n                        <i class='whatsapp'><\/i>\n                    <\/a>\n                <\/li>\n                   <\/ul><\/div>\n        <div class='pie-ad '>\n            <p>Contenido de Kimber Motor MG y editado por CMA Comunicaci\u00f3n. En su elaboraci\u00f3n no ha intervenido la Redacci\u00f3n de este medio.<\/p>\n        <\/div><\/div>[\/vc_column][\/vc_row]<\/p>\n","protected":false},"excerpt":{"rendered":"<p>[vc_column][\/vc_column][vc_row el_class=\u00bbcol-1-1 tablet-col-1-1&#8243;][vc_column el_class=\u00bbcol-1-1 tablet-col-1-1&#8243;][\/vc_column][\/vc_row][vc_row centrar=\u00bbtrue\u00bb el_class=\u00bbgrid grid-pad\u00bb][vc_column el_class=\u00bbcol-1-1 tablet-col-1-1&#8243;][\/vc_column][\/vc_row][vc_row centrar=\u00bbtrue\u00bb el_class=\u00bbgrid grid-pad\u00bb][vc_column el_class=\u00bbcol-10-12 tablet-col-1-1&#8243;][vc_single_image image=\u00bb162443&#8243; img_size=\u00bbfull\u00bb alignment=\u00bbcenter\u00bb][vc_single_image image=\u00bb162445&#8243; img_size=\u00bbfull\u00bb alignment=\u00bbcenter\u00bb][\/vc_column][\/vc_row][vc_row centrar=\u00bbtrue\u00bb el_class=\u00bbgrid grid-pad\u00bb][vc_column el_class=\u00bbcol-10-12 tablet-col-1-1&#8243;][vc_row_inner][vc_column_inner el_class=\u00bbdestacado\u00bb][\/vc_column_inner][\/vc_row_inner][\/vc_column][\/vc_row][vc_row centrar=\u00bbtrue\u00bb el_class=\u00bbgrid grid-pad\u00bb][vc_column el_class=\u00bbcol-1-1 tablet-col-1-1&#8243;][\/vc_column][\/vc_row]<\/p>\n","protected":false},"author":8,"featured_media":162447,"comment_status":"closed","ping_status":"closed","sticky":false,"template":"","format":"standard","meta":[],"categories":[31],"tags":[2913,473],"acf":[],"_links":{"self":[{"href":"\/content-local\/wp-json\/wp\/v2\/posts\/162439"}],"collection":[{"href":"\/content-local\/wp-json\/wp\/v2\/posts"}],"about":[{"href":"\/content-local\/wp-json\/wp\/v2\/types\/post"}],"author":[{"embeddable":true,"href":"\/content-local\/wp-json\/wp\/v2\/users\/8"}],"replies":[{"embeddable":true,"href":"\/content-local\/wp-json\/wp\/v2\/comments?post=162439"}],"version-history":[{"count":6,"href":"\/content-local\/wp-json\/wp\/v2\/posts\/162439\/revisions"}],"predecessor-version":[{"id":162448,"href":"\/content-local\/wp-json\/wp\/v2\/posts\/162439\/revisions\/162448"}],"wp:featuredmedia":[{"embeddable":true,"href":"\/content-local\/wp-json\/wp\/v2\/media\/162447"}],"wp:attachment":[{"href":"\/content-local\/wp-json\/wp\/v2\/media?parent=162439"}],"wp:term":[{"taxonomy":"category","embeddable":true,"href":"\/content-local\/wp-json\/wp\/v2\/categories?post=162439"},{"taxonomy":"post_tag","embeddable":true,"href":"\/content-local\/wp-json\/wp\/v2\/tags?post=162439"}],"curies":[{"name":"wp","href":"https:\/\/api.w.org\/{rel}","templated":true}]}}