
{"id":127839,"date":"2025-05-07T10:10:39","date_gmt":"2025-05-07T08:10:39","guid":{"rendered":"https:\/\/ms-contentfactory.srv.vocento.in\/contentfactorylocal\/?p=127839"},"modified":"2025-05-07T17:58:32","modified_gmt":"2025-05-07T15:58:32","slug":"una-empresa-granadina-detras-del-exito-del-foro-parlamentario-sobre-el-futuro-del-mediterraneo","status":"publish","type":"post","link":"\/content-local\/una-empresa-granadina-detras-del-exito-del-foro-parlamentario-sobre-el-futuro-del-mediterraneo\/","title":{"rendered":"Una empresa granadina detr\u00e1s del \u00e9xito del Foro Parlamentario sobre el Futuro del Mediterr\u00e1neo"},"content":{"rendered":"<p>[vc_row el_class=\u00bbcol-1-1 tablet-col-1-1&#8243;][vc_column el_class=\u00bbcol-1-1 tablet-col-1-1&#8243;]\n        <div class='fullimg principal'>\n            <div class='tituloemergente'>\n                <div class='grid grid-pad'>\n                    <a class='open-btn close-nav quees' href=''>\n                        <span class='p-content'>SIC<\/span>\n                    <\/a>\n                    <h1><strong>Una empresa granadina detr\u00e1s del \u00e9xito del Foro Parlamentario sobre el Futuro del Mediterr\u00e1neo<\/strong><p>Cuando Granada acoge un evento internacional de primer nivel, el talento local brilla con fuerza. \u00bfQuieres ver c\u00f3mo se prepara t\u00e9cnicamente un evento de este calibre?<\/p><\/h1>\n                <\/div>\n            <\/div>\n        <figure class='videoPrincipal'><img src='\/content-local\/wp-content\/uploads\/sites\/10\/2025\/05\/imagen-cabecera.jpg'><\/figure><\/div>[\/vc_column][\/vc_row][vc_row centrar=\u00bbtrue\u00bb el_class=\u00bbgrid grid-pad\u00bb][vc_column el_class=\u00bbcol-1-1 tablet-col-1-1&#8243;]<div class='firmaRRSS '>\n       <div class='info'><address class='firmaAutor' data-autor='C. M. A.'><img src=\"\"> C. M. A.<\/address><time class='publicacion'>\n         7 mayo, 2025 - 10:10<\/time><\/div>\n           <div class='compartir'><p>Compartir<\/p><ul>\n                <li class='facebook'>\n                            <a href='https:\/\/www.facebook.com\/sharer\/sharer.php?u=https:\/\/ideal.es\/content-local\/una-empresa-granadina-detras-del-exito-del-foro-parlamentario-sobre-el-futuro-del-mediterraneo\/' class='bcl-compartir-fb' data-voc-vtm-id='compartirrrss' data-voc-vtm-info='facebook' target='_blank' title='Compartelo en Facebook' rel='nofollow'>\n                        <i class='facebook'><\/i>\n                    <\/a>\n                <\/li><li class='twitter'>\n                    <a href='https:\/\/twitter.com\/intent\/tweet?text=https:\/\/ideal.es\/content-local\/una-empresa-granadina-detras-del-exito-del-foro-parlamentario-sobre-el-futuro-del-mediterraneo\/' class='bcl-compartir-tw twitter' data-voc-vtm-id='compartirrrss' data-voc-vtm-info='twitter' target='_blank' title='Compartelo en Twitter' rel='nofollow'>\n                        <i class='twitter'><\/i>\n                    <\/a>\n                <\/li><li class='whatsapp'>\n                    <a href='whatsapp:\/\/send?text=https:\/\/ideal.es\/content-local\/una-empresa-granadina-detras-del-exito-del-foro-parlamentario-sobre-el-futuro-del-mediterraneo\/' data-voc-vtm-id='compartirrrss' data-voc-vtm-info='whatsapp' class='whatsapp' target='_blank' title='Compartelo en whatsapp' rel='nofollow'>\n                        <i class='whatsapp'><\/i>\n                    <\/a>\n                <\/li>\n    \n    <\/ul><\/div><\/div>[\/vc_column][\/vc_row][vc_row centrar=\u00bbtrue\u00bb el_class=\u00bbgrid grid-pad\u00bb][vc_column el_class=\u00bbcol-10-12 tablet-col-1-1&#8243;]<p class=\"parrafocount\">Durante el reciente Foro Parlamentario sobre el Futuro del Mediterr\u00e1neo \u2014que reuni\u00f3 en la ciudad a presidentes y vicepresidentes de Parlamentos de los Estados miembros de la Asamblea Parlamentaria del Mediterr\u00e1neo, con la presencia destacada de Su Majestad el Rey Felipe VI\u2014, <a href=\"https:\/\/sicongresos.com\/\" target=\"_blank\" rel=\"noopener sponsored\">la empresa granadina SIC<\/a> fue la encargada de coordinar y ejecutar todo el despliegue t\u00e9cnico y audiovisual del evento.<\/p>[vc_raw_html]JTNDZGl2JTBBJTIwJTIwc3R5bGUlM0QlMjJwb3NpdGlvbiUzQSUyMHJlbGF0aXZlJTNCJTIwZGlzcGxheSUzQSUyMGJsb2NrJTNCJTIwbWF4LXdpZHRoJTNBJTIwMTAwJTI1JTNCJTIyJTNFJTBBJTIwJTIwJTNDZGl2JTBBJTIwJTIwJTIwJTIwc3R5bGUlM0QlMjJwYWRkaW5nLXRvcCUzQSUyMDU2LjI1JTI1JTNCJTIyJTNFJTBBJTIwJTIwJTIwJTIwJTNDaWZyYW1lJTBBJTIwJTIwJTIwJTIwJTIwJTIwc3JjJTNEJTIyaHR0cHMlM0ElMkYlMkZwbGF5ZXJzLmJyaWdodGNvdmUubmV0JTJGODY3NDY0ODMwMDElMkZyeWVLNEVVUFlfZGVmYXVsdCUyRmluZGV4Lmh0bWwlM0Z2aWRlb0lkJTNENjM3MjQ1NDQwMDExMiUyMiUwQSUyMCUyMCUyMCUyMCUyMCUyMGFsbG93ZnVsbHNjcmVlbiUzRCUyMiUyMiUwQSUyMCUyMCUyMCUyMCUyMCUyMGFsbG93JTNEJTIyZW5jcnlwdGVkLW1lZGlhJTIyJTBBJTIwJTIwJTIwJTIwJTIwJTIwc3R5bGUlM0QlMjJwb3NpdGlvbiUzQSUyMGFic29sdXRlJTNCJTIwdG9wJTNBJTIwMHB4JTNCJTIwcmlnaHQlM0ElMjAwcHglM0IlMjBib3R0b20lM0ElMjAwcHglM0IlMjBsZWZ0JTNBJTIwMHB4JTNCJTIwd2lkdGglM0ElMjAxMDAlMjUlM0IlMjBoZWlnaHQlM0ElMjAxMDAlMjUlM0IlMjIlM0UlM0MlMkZpZnJhbWUlM0UlMEElMjAlMjAlM0MlMkZkaXYlM0UlMEElM0MlMkZkaXYlM0U=[\/vc_raw_html][vc_empty_space]<p class=\"parrafocount\">El \u00e9xito del Foro Mediterr\u00e1neo confirma que la ciudad re\u00fane muchas de las condiciones necesarias para acoger eventos de alto nivel: un entorno monumental incomparable, una planta hotelera amplia y un ecosistema local de empresas solventes como SIC.<\/p><p class='parrafocount'><p class='parrafocount'>Durante ese evento esta empresa despleg\u00f3 una soluci\u00f3n t\u00e9cnica integral: desde la coordinaci\u00f3n con los equipos organizadores hasta la gesti\u00f3n de se\u00f1al para medios de comunicaci\u00f3n. Todo, con precisi\u00f3n, discreci\u00f3n y eficacia. En el siguiente v\u00eddeo puedes ver lo que nunca se ve, a los verdaderos protagonistas de que un evento sea todo un \u00e9xito.<\/p>[vc_raw_html]JTNDZGl2JTBBJTIwJTIwc3R5bGUlM0QlMjJwb3NpdGlvbiUzQSUyMHJlbGF0aXZlJTNCJTIwZGlzcGxheSUzQSUyMGJsb2NrJTNCJTIwbWF4LXdpZHRoJTNBJTIwMTAwJTI1JTNCJTIyJTNFJTBBJTIwJTIwJTNDZGl2JTBBJTIwJTIwJTIwJTIwc3R5bGUlM0QlMjJwYWRkaW5nLXRvcCUzQSUyMDE3Ny43Nzc4JTI1JTNCJTIyJTNFJTBBJTIwJTIwJTIwJTIwJTNDaWZyYW1lJTBBJTIwJTIwJTIwJTIwJTIwJTIwc3JjJTNEJTIyaHR0cHMlM0ElMkYlMkZwbGF5ZXJzLmJyaWdodGNvdmUubmV0JTJGODY3NDY0ODMwMDElMkZyeWVLNEVVUFlfZGVmYXVsdCUyRmluZGV4Lmh0bWwlM0Z2aWRlb0lkJTNENjM3MjQ1NzA0NTExMiUyMiUwQSUyMCUyMCUyMCUyMCUyMCUyMGFsbG93ZnVsbHNjcmVlbiUzRCUyMiUyMiUwQSUyMCUyMCUyMCUyMCUyMCUyMGFsbG93JTNEJTIyZW5jcnlwdGVkLW1lZGlhJTIyJTBBJTIwJTIwJTIwJTIwJTIwJTIwc3R5bGUlM0QlMjJwb3NpdGlvbiUzQSUyMGFic29sdXRlJTNCJTIwdG9wJTNBJTIwMHB4JTNCJTIwcmlnaHQlM0ElMjAwcHglM0IlMjBib3R0b20lM0ElMjAwcHglM0IlMjBsZWZ0JTNBJTIwMHB4JTNCJTIwd2lkdGglM0ElMjAxMDAlMjUlM0IlMjBoZWlnaHQlM0ElMjAxMDAlMjUlM0IlMjIlM0UlM0MlMkZpZnJhbWUlM0UlMEElMjAlMjAlM0MlMkZkaXYlM0UlMEElM0MlMkZkaXYlM0U=[\/vc_raw_html][\/vc_column][\/vc_row][vc_row centrar=\u00bbtrue\u00bb el_class=\u00bbgrid grid-pad\u00bb][vc_column el_class=\u00bbcol-10-12 tablet-col-1-1&#8243;]<p class=\"parrafocount\"><\/p><p class='parrafocount'><h2>Trayectoria<\/h2><p class='parrafocount'><p class='parrafocount'>Dedicada a los grandes eventos, esta empresa granadina ha alcanzado relevancia a nivel nacional e internacional. Est\u00e1 centrada en la prestaci\u00f3n de servicios tecnol\u00f3gicos y alquiler de equipos audiovisuales. La avala una larga experiencia en congresos, conferencias y eventos varios.<\/p><p class='parrafocount'><p class='parrafocount'>Naci\u00f3 en Granada hace m\u00e1s de 15 a\u00f1os con una misi\u00f3n clara: ofrecer servicios t\u00e9cnicos avanzados para eventos, con un enfoque cercano, profesional y resolutivo.<\/p><p class='parrafocount'><p class='parrafocount'>Desde su sede en el coraz\u00f3n de la ciudad, la empresa ha evolucionado hasta convertirse en una referencia nacional en producci\u00f3n t\u00e9cnica para congresos, jornadas institucionales y eventos corporativos, combinando talento local con tecnolog\u00eda de \u00faltima generaci\u00f3n como: Votaci\u00f3n interactiva, pantalla led, atril wall, edge blending, video streaming, control de asistencia en salas, se\u00f1alizaci\u00f3n digital, producci\u00f3n en directo, emisi\u00f3n y grabaci\u00f3n en directo de operaciones quir\u00fargicas, suelo interactivo, fald\u00f3n wall y pantalla t\u00e1ctil interactiva.<\/p><p class='parrafocount'><p class='parrafocount'>Su trayectoria est\u00e1 estrechamente ligada a espacios clave como el Palacio de Congresos de Granada, donde ha participado en la producci\u00f3n de numerosos congresos contribuyendo activamente al posicionamiento de Granada como un destino congresual de primer nivel.<\/p><p class='parrafocount'><p class='parrafocount'>Este tipo de despliegues es posible gracias a una infraestructura t\u00e9cnica propia y a un equipo humano especializado, que opera en proyectos por toda Espa\u00f1a. Adem\u00e1s, su modelo operativo flexible permite adaptarse tanto a grandes eventos como a encuentros institucionales m\u00e1s reducidos.<\/p>[\/vc_column][\/vc_row][vc_row][vc_column el_class=\u00bbnoticia\u00bb]<!-- ADDONS SWIPPER SLIDER ESTE ADDONS EN PRINCIPIO YA ESTA HECHO -->\n\t\t\t\t<div class=\"foto swiper-container\"><div class=\"swiper-wrapper\"><div data-blogid=\"10\" class=\"swiper-slide\"><img src=\"\/content-local\/wp-content\/uploads\/sites\/10\/2025\/05\/image00001-7.jpeg\"><p><\/p><\/div><div data-blogid=\"10\" class=\"swiper-slide\"><img src=\"\/content-local\/wp-content\/uploads\/sites\/10\/2025\/05\/image00001-17.jpeg\"><p><\/p><\/div><div data-blogid=\"10\" class=\"swiper-slide\"><img src=\"\/content-local\/wp-content\/uploads\/sites\/10\/2025\/05\/image00003-12.jpeg\"><p><\/p><\/div><div data-blogid=\"10\" class=\"swiper-slide\"><img src=\"\/content-local\/wp-content\/uploads\/sites\/10\/2025\/05\/image00008-9.jpeg\"><p><\/p><\/div><div data-blogid=\"10\" class=\"swiper-slide\"><img src=\"\/content-local\/wp-content\/uploads\/sites\/10\/2025\/05\/image00011-14.jpeg\"><p><\/p><\/div><div data-blogid=\"10\" class=\"swiper-slide\"><img src=\"\/content-local\/wp-content\/uploads\/sites\/10\/2025\/05\/image00019-1.jpeg\"><p><\/p><\/div><div data-blogid=\"10\" class=\"swiper-slide\"><img src=\"\/content-local\/wp-content\/uploads\/sites\/10\/2025\/05\/image00019-8.jpeg\"><p><\/p><\/div><div data-blogid=\"10\" class=\"swiper-slide\"><img src=\"\/content-local\/wp-content\/uploads\/sites\/10\/2025\/05\/image00019-12.jpeg\"><p><\/p><\/div><div data-blogid=\"10\" class=\"swiper-slide\"><img src=\"\/content-local\/wp-content\/uploads\/sites\/10\/2025\/05\/image00021-1.jpeg\"><p><\/p><\/div><div data-blogid=\"10\" class=\"swiper-slide\"><img src=\"\/content-local\/wp-content\/uploads\/sites\/10\/2025\/05\/image00024-13.jpeg\"><p><\/p><\/div><div data-blogid=\"10\" class=\"swiper-slide\"><img src=\"\/content-local\/wp-content\/uploads\/sites\/10\/2025\/05\/image00029-10.jpeg\"><p><\/p><\/div><div data-blogid=\"10\" class=\"swiper-slide\"><img src=\"\/content-local\/wp-content\/uploads\/sites\/10\/2025\/05\/image00030-3.jpeg\"><p><\/p><\/div><div data-blogid=\"10\" class=\"swiper-slide\"><img src=\"\/content-local\/wp-content\/uploads\/sites\/10\/2025\/05\/image00031-5.jpeg\"><p><\/p><\/div><div data-blogid=\"10\" class=\"swiper-slide\"><img src=\"\/content-local\/wp-content\/uploads\/sites\/10\/2025\/05\/image00035-1.jpeg\"><p><\/p><\/div><div data-blogid=\"10\" class=\"swiper-slide\"><img src=\"\/content-local\/wp-content\/uploads\/sites\/10\/2025\/05\/image00044-7.jpeg\"><p><\/p><\/div><div data-blogid=\"10\" class=\"swiper-slide\"><img src=\"\/content-local\/wp-content\/uploads\/sites\/10\/2025\/05\/image00047-7.jpeg\"><p><\/p><\/div><div data-blogid=\"10\" class=\"swiper-slide\"><img src=\"\/content-local\/wp-content\/uploads\/sites\/10\/2025\/05\/image00084.jpeg\"><p><\/p><\/div><div data-blogid=\"10\" class=\"swiper-slide\"><img src=\"\/content-local\/wp-content\/uploads\/sites\/10\/2025\/05\/image00109-3.jpeg\"><p><\/p><\/div><div data-blogid=\"10\" class=\"swiper-slide\"><img src=\"\/content-local\/wp-content\/uploads\/sites\/10\/2025\/05\/image00110-3.jpeg\"><p><\/p><\/div><div data-blogid=\"10\" class=\"swiper-slide\"><img src=\"\/content-local\/wp-content\/uploads\/sites\/10\/2025\/05\/image00144-1.jpeg\"><p><\/p><\/div><\/div><!-- Add Pagination -->\n\t<div class=\"swiper-button-next\">avanti<\/div>\n\t<div class=\"swiper-button-prev\">indietro<\/div>\n\t<div class=\"swiper-pagination\"><\/div>\n\t<\/div>\n\t<!-- FIN ADDONS SLIDER -->[\/vc_column][\/vc_row][vc_row centrar=\u00bbtrue\u00bb el_class=\u00bbgrid grid-pad\u00bb][vc_column el_class=\u00bbcol-10-12 tablet-col-1-1&#8243;]<p class=\"parrafocount\"><\/p><p class='parrafocount'><h2>Un grupo, una visi\u00f3n compartida<\/h2><p class='parrafocount'><p class='parrafocount'>SIC forma parte del Grupo GENIL, un ecosistema de empresas granadinas que ofrecen soluciones integrales para la organizaci\u00f3n de eventos, con presencia en todo el pa\u00eds.<\/p><p class='parrafocount'><p class='parrafocount'>El grupo lo completan:<\/p><p class='parrafocount'><ul><p class='parrafocount'><li>TwentyWalls: especialistas en dise\u00f1o y montaje de stands modulares y personalizados, con propuestas vers\u00e1tiles y sostenibles para todo tipo de espacios.<\/li><p class='parrafocount'><li>Fase20: OPC especializada como Secretar\u00eda T\u00e9cnica y Cient\u00edfica, que dispone de los recursos humanos y materiales necesarios para garantizar el \u00e9xito organizativo de cualquier congreso.<\/li><p class='parrafocount'><li>Viajes Genil: agencia con amplia experiencia en la gesti\u00f3n log\u00edstica de congresos, desplazamientos corporativos y eventos de gran escala.<\/li><p class='parrafocount'><\/ul><p class='parrafocount'><p class='parrafocount'>Un equipo multidisciplinar que combina cercan\u00eda, experiencia y visi\u00f3n estrat\u00e9gica. Un modelo de colaboraci\u00f3n local que permite afrontar eventos complejos con agilidad y coherencia.<\/p><p class='parrafocount'><p class='parrafocount'>Desde Granada, SIC colabora cada a\u00f1o con universidades, instituciones y empresas de toda Espa\u00f1a. Su f\u00f3rmula combina tecnolog\u00eda, experiencia y un compromiso absoluto con la excelencia t\u00e9cnica.<\/p><p class='parrafocount'><p class='parrafocount'>Porque cuando el talento y la profesionalidad se alinean, no importa de d\u00f3nde se parte: lo importante es hasta d\u00f3nde se puede llegar.<\/p>[\/vc_column][\/vc_row][vc_row centrar=\u00bbtrue\u00bb el_class=\u00bbgrid grid-pad\u00bb][vc_column el_class=\u00bbcol-10-12 tablet-col-1-1&#8243;][vc_row_inner][vc_column_inner el_class=\u00bbdestacado\u00bb][vc_single_image image=\u00bb127847&#8243; img_size=\u00bbfull\u00bb alignment=\u00bbcenter\u00bb]<p class=\"parrafocount\"><\/p><p class='parrafocount'><h2>\u00bfQu\u00e9 servicios ofrece SIC?<\/h2><p class='parrafocount'><p class='parrafocount'>\u2022 Traducci\u00f3n simult\u00e1nea y alquiler de cabinas de interpretaci\u00f3n<br \/><p class='parrafocount'>\u2022 Instalaci\u00f3n de pantallas LED de gran formato<br \/><p class='parrafocount'>\u2022 Streaming y realizaci\u00f3n en directo<br \/><p class='parrafocount'>\u2022 Se\u00f1al\u00e9tica digital y visual<br \/><p class='parrafocount'>\u2022 Grabaci\u00f3n multic\u00e1mara<br \/><p class='parrafocount'>\u2022 Escenograf\u00eda tecnol\u00f3gica<br \/><p class='parrafocount'>\u2022 Control de accesos y acreditaciones digitales<br \/><p class='parrafocount'>\u2022 Plataformas para eventos h\u00edbridos y virtuales<br \/><p class='parrafocount'>\u2022 Creaci\u00f3n de contenidos audiovisuales (v\u00eddeos, motion graphics\u2026)<br \/><p class='parrafocount'>\u2022 Asistencia t\u00e9cnica integral antes, durante y despu\u00e9s del evento<br \/><p class='parrafocount'>\u2022 Sonorizaci\u00f3n profesional adaptada a cada espacio<\/p>[\/vc_column_inner][\/vc_row_inner][\/vc_column][\/vc_row][vc_row centrar=\u00bbtrue\u00bb el_class=\u00bbgrid grid-pad\u00bb][vc_column el_class=\u00bbcol-1-1 tablet-col-1-1&#8243;]\n        <div class='bloque'>\n         <div class='compartir'><p>Compartir<\/p><ul>\n                <li class='facebook'>\n                            <a href='https:\/\/www.facebook.com\/sharer\/sharer.php?u=https:\/\/ideal.es\/content-local\/una-empresa-granadina-detras-del-exito-del-foro-parlamentario-sobre-el-futuro-del-mediterraneo\/' class='bcl-compartir-fb' target='_blank' title='Compartelo en Facebook' rel='nofollow'>\n                        <i class='facebook'><\/i>\n                    <\/a>\n                <\/li><li class='twitter'>\n                    <a href='https:\/\/twitter.com\/intent\/tweet?text=https:\/\/ideal.es\/content-local\/una-empresa-granadina-detras-del-exito-del-foro-parlamentario-sobre-el-futuro-del-mediterraneo\/' class='bcl-compartir-tw twitter' target='_blank' title='Compartelo en Twitter' rel='nofollow'>\n                        <i class='twitter'><\/i>\n                    <\/a>\n                <\/li><li class='whatsapp'>\n                    <a href='whatsapp:\/\/send?text=https:\/\/ideal.es\/content-local\/una-empresa-granadina-detras-del-exito-del-foro-parlamentario-sobre-el-futuro-del-mediterraneo\/' class='whatsapp' target='_blank' title='Compartelo en whatsapp' rel='nofollow'>\n                        <i class='whatsapp'><\/i>\n                    <\/a>\n                <\/li>\n                   <\/ul><\/div>\n        <div class='pie-ad '>\n            <p>Contenido para<strong> SIC<\/strong> editado por CMA Comunicaci\u00f3n. En su elaboraci\u00f3n no ha intervenido la Redacci\u00f3n de este medio.<\/p>\n        <\/div><\/div>[\/vc_column][\/vc_row]<\/p>\n","protected":false},"excerpt":{"rendered":"<p>[vc_row el_class=\u00bbcol-1-1 tablet-col-1-1&#8243;][vc_column el_class=\u00bbcol-1-1 tablet-col-1-1&#8243;][\/vc_column][\/vc_row][vc_row centrar=\u00bbtrue\u00bb el_class=\u00bbgrid grid-pad\u00bb][vc_column el_class=\u00bbcol-1-1 tablet-col-1-1&#8243;][\/vc_column][\/vc_row][vc_row centrar=\u00bbtrue\u00bb el_class=\u00bbgrid grid-pad\u00bb][vc_column el_class=\u00bbcol-10-12 tablet-col-1-1&#8243;][vc_raw_html]JTNDZGl2JTBBJTIwJTIwc3R5bGUlM0QlMjJwb3NpdGlvbiUzQSUyMHJlbGF0aXZlJTNCJTIwZGlzcGxheSUzQSUyMGJsb2NrJTNCJTIwbWF4LXdpZHRoJTNBJTIwMTAwJTI1JTNCJTIyJTNFJTBBJTIwJTIwJTNDZGl2JTBBJTIwJTIwJTIwJTIwc3R5bGUlM0QlMjJwYWRkaW5nLXRvcCUzQSUyMDU2LjI1JTI1JTNCJTIyJTNFJTBBJTIwJTIwJTIwJTIwJTNDaWZyYW1lJTBBJTIwJTIwJTIwJTIwJTIwJTIwc3JjJTNEJTIyaHR0cHMlM0ElMkYlMkZwbGF5ZXJzLmJyaWdodGNvdmUubmV0JTJGODY3NDY0ODMwMDElMkZyeWVLNEVVUFlfZGVmYXVsdCUyRmluZGV4Lmh0bWwlM0Z2aWRlb0lkJTNENjM3MjQ1NDQwMDExMiUyMiUwQSUyMCUyMCUyMCUyMCUyMCUyMGFsbG93ZnVsbHNjcmVlbiUzRCUyMiUyMiUwQSUyMCUyMCUyMCUyMCUyMCUyMGFsbG93JTNEJTIyZW5jcnlwdGVkLW1lZGlhJTIyJTBBJTIwJTIwJTIwJTIwJTIwJTIwc3R5bGUlM0QlMjJwb3NpdGlvbiUzQSUyMGFic29sdXRlJTNCJTIwdG9wJTNBJTIwMHB4JTNCJTIwcmlnaHQlM0ElMjAwcHglM0IlMjBib3R0b20lM0ElMjAwcHglM0IlMjBsZWZ0JTNBJTIwMHB4JTNCJTIwd2lkdGglM0ElMjAxMDAlMjUlM0IlMjBoZWlnaHQlM0ElMjAxMDAlMjUlM0IlMjIlM0UlM0MlMkZpZnJhbWUlM0UlMEElMjAlMjAlM0MlMkZkaXYlM0UlMEElM0MlMkZkaXYlM0U=[\/vc_raw_html][vc_empty_space][vc_raw_html]JTNDZGl2JTBBJTIwJTIwc3R5bGUlM0QlMjJwb3NpdGlvbiUzQSUyMHJlbGF0aXZlJTNCJTIwZGlzcGxheSUzQSUyMGJsb2NrJTNCJTIwbWF4LXdpZHRoJTNBJTIwMTAwJTI1JTNCJTIyJTNFJTBBJTIwJTIwJTNDZGl2JTBBJTIwJTIwJTIwJTIwc3R5bGUlM0QlMjJwYWRkaW5nLXRvcCUzQSUyMDE3Ny43Nzc4JTI1JTNCJTIyJTNFJTBBJTIwJTIwJTIwJTIwJTNDaWZyYW1lJTBBJTIwJTIwJTIwJTIwJTIwJTIwc3JjJTNEJTIyaHR0cHMlM0ElMkYlMkZwbGF5ZXJzLmJyaWdodGNvdmUubmV0JTJGODY3NDY0ODMwMDElMkZyeWVLNEVVUFlfZGVmYXVsdCUyRmluZGV4Lmh0bWwlM0Z2aWRlb0lkJTNENjM3MjQ1NzA0NTExMiUyMiUwQSUyMCUyMCUyMCUyMCUyMCUyMGFsbG93ZnVsbHNjcmVlbiUzRCUyMiUyMiUwQSUyMCUyMCUyMCUyMCUyMCUyMGFsbG93JTNEJTIyZW5jcnlwdGVkLW1lZGlhJTIyJTBBJTIwJTIwJTIwJTIwJTIwJTIwc3R5bGUlM0QlMjJwb3NpdGlvbiUzQSUyMGFic29sdXRlJTNCJTIwdG9wJTNBJTIwMHB4JTNCJTIwcmlnaHQlM0ElMjAwcHglM0IlMjBib3R0b20lM0ElMjAwcHglM0IlMjBsZWZ0JTNBJTIwMHB4JTNCJTIwd2lkdGglM0ElMjAxMDAlMjUlM0IlMjBoZWlnaHQlM0ElMjAxMDAlMjUlM0IlMjIlM0UlM0MlMkZpZnJhbWUlM0UlMEElMjAlMjAlM0MlMkZkaXYlM0UlMEElM0MlMkZkaXYlM0U=[\/vc_raw_html][\/vc_column][\/vc_row][vc_row centrar=\u00bbtrue\u00bb el_class=\u00bbgrid grid-pad\u00bb][vc_column el_class=\u00bbcol-10-12 tablet-col-1-1&#8243;][\/vc_column][\/vc_row][vc_row][vc_column el_class=\u00bbnoticia\u00bb][\/vc_column][\/vc_row][vc_row centrar=\u00bbtrue\u00bb el_class=\u00bbgrid grid-pad\u00bb][vc_column el_class=\u00bbcol-10-12 tablet-col-1-1&#8243;][\/vc_column][\/vc_row][vc_row centrar=\u00bbtrue\u00bb el_class=\u00bbgrid grid-pad\u00bb][vc_column el_class=\u00bbcol-10-12 tablet-col-1-1&#8243;][vc_row_inner][vc_column_inner el_class=\u00bbdestacado\u00bb][vc_single_image image=\u00bb127847&#8243; img_size=\u00bbfull\u00bb alignment=\u00bbcenter\u00bb][\/vc_column_inner][\/vc_row_inner][\/vc_column][\/vc_row][vc_row centrar=\u00bbtrue\u00bb el_class=\u00bbgrid grid-pad\u00bb][vc_column el_class=\u00bbcol-1-1 tablet-col-1-1&#8243;][\/vc_column][\/vc_row]<\/p>\n","protected":false},"author":8,"featured_media":127865,"comment_status":"closed","ping_status":"closed","sticky":false,"template":"","format":"standard","meta":[],"categories":[31],"tags":[2664],"acf":[],"_links":{"self":[{"href":"\/content-local\/wp-json\/wp\/v2\/posts\/127839"}],"collection":[{"href":"\/content-local\/wp-json\/wp\/v2\/posts"}],"about":[{"href":"\/content-local\/wp-json\/wp\/v2\/types\/post"}],"author":[{"embeddable":true,"href":"\/content-local\/wp-json\/wp\/v2\/users\/8"}],"replies":[{"embeddable":true,"href":"\/content-local\/wp-json\/wp\/v2\/comments?post=127839"}],"version-history":[{"count":8,"href":"\/content-local\/wp-json\/wp\/v2\/posts\/127839\/revisions"}],"predecessor-version":[{"id":127870,"href":"\/content-local\/wp-json\/wp\/v2\/posts\/127839\/revisions\/127870"}],"wp:featuredmedia":[{"embeddable":true,"href":"\/content-local\/wp-json\/wp\/v2\/media\/127865"}],"wp:attachment":[{"href":"\/content-local\/wp-json\/wp\/v2\/media?parent=127839"}],"wp:term":[{"taxonomy":"category","embeddable":true,"href":"\/content-local\/wp-json\/wp\/v2\/categories?post=127839"},{"taxonomy":"post_tag","embeddable":true,"href":"\/content-local\/wp-json\/wp\/v2\/tags?post=127839"}],"curies":[{"name":"wp","href":"https:\/\/api.w.org\/{rel}","templated":true}]}}